{"id":1647,"date":"2014-01-06T11:34:41","date_gmt":"2014-01-06T11:34:41","guid":{"rendered":"http:\/\/skolapulsinn.is\/um\/?p=1647"},"modified":"2025-07-28T18:05:12","modified_gmt":"2025-07-28T18:05:12","slug":"samraemd-konnun-a-lidan-og-skolabrag-i-framhaldsskolum-2014","status":"publish","type":"post","link":"https:\/\/skolapulsinn.is\/um\/?p=1647","title":{"rendered":"Samr\u00e6md k\u00f6nnun \u00e1 l\u00ed\u00f0an og sk\u00f3labrag \u00ed framhaldssk\u00f3lum 2014"},"content":{"rendered":"<p>Sk\u00f3lap\u00falsinn mun \u00ed febr\u00faar n\u00e6stkomandi leggja fyrir samr\u00e6mda k\u00f6nnun um l\u00ed\u00f0an og sk\u00f3labrag fyrir framhaldssk\u00f3la \u00e1 \u00cdslandi. Samskonar k\u00f6nnun var l\u00f6g\u00f0 fyrir 12 framhaldssk\u00f3la \u00ed n\u00f3vember s\u00ed\u00f0astli\u00f0num me\u00f0 g\u00f3\u00f0um \u00e1rangri. Nokkrir sk\u00f3lar hafa l\u00fdst yfir \u00e1huga \u00e1 a\u00f0 taka k\u00f6nnunina \u00e1 vor\u00f6nn \u00fev\u00ed hefur veri\u00f0 \u00e1kve\u00f0i\u00f0 a\u00f0 leggja k\u00f6nnunina fyrir aftur.<\/p>\n<p>K\u00f6nnunin hefur veri\u00f0 \u00fer\u00f3u\u00f0 \u00ed samstarfi vi\u00f0 Landl\u00e6knisemb\u00e6tti\u00f0 og Flensborgarsk\u00f3lann \u00ed Hafnarfir\u00f0i. K\u00f6nnunin mi\u00f0ar a\u00f0 \u00fev\u00ed a\u00f0 gera framhaldssk\u00f3lum m\u00f6gulegt a\u00f0 meta st\u00f6\u00f0u og \u00e1rangur af \u00fev\u00ed \u00fer\u00f3unarstarfi sem sn\u00fdr a\u00f0 l\u00ed\u00f0an og sk\u00f3labrag. Ni\u00f0urst\u00f6\u00f0ur k\u00f6nnunarinnar birtast \u00ed nafnlausum samanbur\u00f0i vi\u00f0 a\u00f0ra framhaldssk\u00f3la \u00e1 a\u00f0gangi sk\u00f3lans hj\u00e1 Sk\u00f3lap\u00falsinum \u00ed mars og gefur sk\u00f3lanum \u00fear me\u00f0 g\u00f3\u00f0a mynd af st\u00f6\u00f0u sinni \u00e1 landsv\u00edsu og sparar sk\u00f3lanum b\u00e6\u00f0i t\u00edma og fyrirh\u00f6fn.<\/p>\n<p>N\u00e1nari uppl\u00fdsingar um innihald k\u00f6nnunarinnar og framkv\u00e6md er a\u00f0 finna \u00e1 heimas\u00ed\u00f0u Sk\u00f3lap\u00falsins:\u00a0<a href=\"http:\/\/skolapulsinn.is\/um\/?page_id=1502\" target=\"_blank\">http:\/\/<wbr \/>skolapulsinn.is\/um\/?page_id=<wbr \/>1502<\/a><\/p>\n","protected":false},"excerpt":{"rendered":"<p>Sk\u00f3lap\u00falsinn mun \u00ed febr\u00faar n\u00e6stkomandi leggja fyrir samr\u00e6mda k\u00f6nnun um l\u00ed\u00f0an og sk\u00f3labrag fyrir framhaldssk\u00f3la \u00e1 \u00cdslandi. Samskonar k\u00f6nnun var l\u00f6g\u00f0 fyrir 12 framhaldssk\u00f3la \u00ed n\u00f3vember s\u00ed\u00f0astli\u00f0num me\u00f0 g\u00f3\u00f0um \u00e1rangri. Nokkrir sk\u00f3lar hafa l\u00fdst yfir \u00e1huga \u00e1 a\u00f0 taka k\u00f6nnunina <span class=\"readmore\"><a href=\"https:\/\/skolapulsinn.is\/um\/?p=1647\">Lesa meira<\/a><\/span><\/p>\n","protected":false},"author":1,"featured_media":0,"comment_status":"closed","ping_status":"open","sticky":false,"template":"","format":"standard","meta":{"footnotes":""},"categories":[3],"tags":[],"class_list":["post-1647","post","type-post","status-publish","format-standard","hentry","category-announcements"],"_links":{"self":[{"href":"https:\/\/skolapulsinn.is\/um\/index.php?rest_route=\/wp\/v2\/posts\/1647","targetHints":{"allow":["GET"]}}],"collection":[{"href":"https:\/\/skolapulsinn.is\/um\/index.php?rest_route=\/wp\/v2\/posts"}],"about":[{"href":"https:\/\/skolapulsinn.is\/um\/index.php?rest_route=\/wp\/v2\/types\/post"}],"author":[{"embeddable":true,"href":"https:\/\/skolapulsinn.is\/um\/index.php?rest_route=\/wp\/v2\/users\/1"}],"replies":[{"embeddable":true,"href":"https:\/\/skolapulsinn.is\/um\/index.php?rest_route=%2Fwp%2Fv2%2Fcomments&post=1647"}],"version-history":[{"count":1,"href":"https:\/\/skolapulsinn.is\/um\/index.php?rest_route=\/wp\/v2\/posts\/1647\/revisions"}],"predecessor-version":[{"id":1648,"href":"https:\/\/skolapulsinn.is\/um\/index.php?rest_route=\/wp\/v2\/posts\/1647\/revisions\/1648"}],"wp:attachment":[{"href":"https:\/\/skolapulsinn.is\/um\/index.php?rest_route=%2Fwp%2Fv2%2Fmedia&parent=1647"}],"wp:term":[{"taxonomy":"category","embeddable":true,"href":"https:\/\/skolapulsinn.is\/um\/index.php?rest_route=%2Fwp%2Fv2%2Fcategories&post=1647"},{"taxonomy":"post_tag","embeddable":true,"href":"https:\/\/skolapulsinn.is\/um\/index.php?rest_route=%2Fwp%2Fv2%2Ftags&post=1647"}],"curies":[{"name":"wp","href":"https:\/\/api.w.org\/{rel}","templated":true}]}}