{"id":2075,"date":"2015-05-22T13:42:51","date_gmt":"2015-05-22T13:42:51","guid":{"rendered":"http:\/\/skolapulsinn.is\/um\/?p=2075"},"modified":"2025-07-28T18:05:12","modified_gmt":"2025-07-28T18:05:12","slug":"hvernig-er-med-foreldrabrefid-tharf-eg-ekki-ad-senda-thad-ut-lika","status":"publish","type":"post","link":"https:\/\/skolapulsinn.is\/um\/?p=2075","title":{"rendered":"Hvernig er me\u00f0 foreldrabr\u00e9fi\u00f0, \u00fearf \u00e9g ekki a\u00f0 senda \u00fea\u00f0 \u00fat l\u00edka?"},"content":{"rendered":"<p>Svar: M\u00e6lst er til \u00feess a\u00f0 n\u00fdir foreldrar (a\u00f0allega foreldrar nemenda \u00ed 6. bekk) f\u00e1i foreldrabr\u00e9fi\u00f0 \u00ed hendur og nokkra daga til a\u00f0 hafna \u00fe\u00e1ttt\u00f6ku. Tilkynningarnar eru \u00e1 vegum sk\u00f3lans sem er framkv\u00e6mda- og \u00e1byrg\u00f0ara\u00f0ili ranns\u00f3knarinnar samkv\u00e6mt samningi vi\u00f0 sk\u00f3lann. Vi\u00f0 erum vinnslua\u00f0ili og st\u00f6rfum \u00ed umbo\u00f0i sk\u00f3lans. Foreldrabr\u00e9f er a\u00f0 finna h\u00e9r:\u00a0http:\/\/skolapulsinn.is\/um\/?page_id=239<\/p>\n<p>Sk\u00f3lanum ber ekki lagaskylda til a\u00f0 l\u00e1ta foreldra vita \u00fear sem ekki er veri\u00f0 a\u00f0 safna pers\u00f3nuuppl\u00fdsingum og s\u00f6fnunin fellur \u00fev\u00ed ekki undir l\u00f6g um pers\u00f3nuvernd. Vi\u00f0 m\u00e6lum samt me\u00f0 \u00fev\u00ed a\u00f0 foreldrar s\u00e9u uppl\u00fdstir, \u00feannig a\u00f0 allir s\u00e9u me\u00f0vita\u00f0ir og samm\u00e1la um hva\u00f0 er veri\u00f0 a\u00f0 gera \u00ed sk\u00f3lastarfinu.<\/p>\n","protected":false},"excerpt":{"rendered":"<p>Svar: M\u00e6lst er til \u00feess a\u00f0 n\u00fdir foreldrar (a\u00f0allega foreldrar nemenda \u00ed 6. bekk) f\u00e1i foreldrabr\u00e9fi\u00f0 \u00ed hendur og nokkra daga til a\u00f0 hafna \u00fe\u00e1ttt\u00f6ku. Tilkynningarnar eru \u00e1 vegum sk\u00f3lans sem er framkv\u00e6mda- og \u00e1byrg\u00f0ara\u00f0ili ranns\u00f3knarinnar samkv\u00e6mt samningi vi\u00f0 sk\u00f3lann. <span class=\"readmore\"><a href=\"https:\/\/skolapulsinn.is\/um\/?p=2075\">Lesa meira<\/a><\/span><\/p>\n","protected":false},"author":6,"featured_media":0,"comment_status":"closed","ping_status":"open","sticky":false,"template":"","format":"standard","meta":{"footnotes":""},"categories":[47,46],"tags":[],"class_list":["post-2075","post","type-post","status-publish","format-standard","hentry","category-nemendakonnun_grunnskola","category-spurtogsvarad"],"_links":{"self":[{"href":"https:\/\/skolapulsinn.is\/um\/index.php?rest_route=\/wp\/v2\/posts\/2075","targetHints":{"allow":["GET"]}}],"collection":[{"href":"https:\/\/skolapulsinn.is\/um\/index.php?rest_route=\/wp\/v2\/posts"}],"about":[{"href":"https:\/\/skolapulsinn.is\/um\/index.php?rest_route=\/wp\/v2\/types\/post"}],"author":[{"embeddable":true,"href":"https:\/\/skolapulsinn.is\/um\/index.php?rest_route=\/wp\/v2\/users\/6"}],"replies":[{"embeddable":true,"href":"https:\/\/skolapulsinn.is\/um\/index.php?rest_route=%2Fwp%2Fv2%2Fcomments&post=2075"}],"version-history":[{"count":4,"href":"https:\/\/skolapulsinn.is\/um\/index.php?rest_route=\/wp\/v2\/posts\/2075\/revisions"}],"predecessor-version":[{"id":2369,"href":"https:\/\/skolapulsinn.is\/um\/index.php?rest_route=\/wp\/v2\/posts\/2075\/revisions\/2369"}],"wp:attachment":[{"href":"https:\/\/skolapulsinn.is\/um\/index.php?rest_route=%2Fwp%2Fv2%2Fmedia&parent=2075"}],"wp:term":[{"taxonomy":"category","embeddable":true,"href":"https:\/\/skolapulsinn.is\/um\/index.php?rest_route=%2Fwp%2Fv2%2Fcategories&post=2075"},{"taxonomy":"post_tag","embeddable":true,"href":"https:\/\/skolapulsinn.is\/um\/index.php?rest_route=%2Fwp%2Fv2%2Ftags&post=2075"}],"curies":[{"name":"wp","href":"https:\/\/api.w.org\/{rel}","templated":true}]}}