{"id":2246,"date":"2016-06-06T15:14:41","date_gmt":"2016-06-06T15:14:41","guid":{"rendered":"http:\/\/skolapulsinn.is\/um\/?p=2246"},"modified":"2025-07-28T18:05:12","modified_gmt":"2025-07-28T18:05:12","slug":"upptokur-vorfundur-2016","status":"publish","type":"post","link":"https:\/\/skolapulsinn.is\/um\/?p=2246","title":{"rendered":"Uppt\u00f6kur &#8211; Vorfundur 2016"},"content":{"rendered":"<div class=\"entry clearfloat\">\n<div>Sk\u00f3lap\u00falsinn bau\u00f0 til vorfundar 31. ma\u00ed 2016. Efni fundarins var innihald kannana, ni\u00f0urst\u00f6\u00f0ur og framkv\u00e6md \u00e1 \u00f6llum sk\u00f3lastigum. Fari\u00f0 var yfir helstu ni\u00f0urst\u00f6\u00f0ur, t\u00falkun \u00feeirra \u00fatsk\u00fdr\u00f0 og r\u00e6tt hva\u00f0a mats\u00fe\u00e1ttum m\u00e1 b\u00e6ta vi\u00f0 og hva\u00f0a mats\u00fe\u00e1ttum var ofauki\u00f0.<\/div>\n<div><\/div>\n<div>\n<p>H\u00e6gt er a\u00f0 sko\u00f0a uppt\u00f6kur af fundinum me\u00f0 \u00fev\u00ed a\u00f0 smella \u00e1 vi\u00f0komandi kr\u00e6kjur h\u00e9r fyrir ne\u00f0an.<\/p><\/div>\n<div><\/div>\n<div>9.00-10.30\u00a0\u00a0 \u00a0 <a href=\"https:\/\/rec.hi.is\/Panopto\/Pages\/Viewer.aspx?id=14cb8a76-dcd4-4f13-b90a-f3a43fdb0bbe\">Leiksk\u00f3li: Foreldrak\u00f6nnun og starfsmannak\u00f6nnun<\/a><\/div>\n<div>10.45-12.15 \u00a0 \u00a0 <a href=\"https:\/\/rec.hi.is\/Panopto\/Pages\/Viewer.aspx?id=a7f3fdae-c36c-4574-9ed1-e6550ba12dca\">Grunnsk\u00f3li: Nemenda-, foreldra-, starfsmannak\u00f6nnun og n\u00fd nemendak\u00f6nnun fyrir 1.-5. bekk.<\/a><\/div>\n<div>13.30-15.00 \u00a0 \u00a0 Framhaldssk\u00f3li: Nemendak\u00f6nnun og fyrirhugu\u00f0 starfsmannak\u00f6nnun (engin upptaka til sta\u00f0ar)<\/div>\n<div>15.30-17.00 \u00a0 \u00a0 Sveitarf\u00e9l\u00f6g: Sk\u00f3lavogin\u00a0(engin upptaka til sta\u00f0ar)<\/p>\n<\/div>\n<\/div>\n","protected":false},"excerpt":{"rendered":"<p>Sk\u00f3lap\u00falsinn bau\u00f0 til vorfundar 31. ma\u00ed 2016. Efni fundarins var innihald kannana, ni\u00f0urst\u00f6\u00f0ur og framkv\u00e6md \u00e1 \u00f6llum sk\u00f3lastigum. Fari\u00f0 var yfir helstu ni\u00f0urst\u00f6\u00f0ur, t\u00falkun \u00feeirra \u00fatsk\u00fdr\u00f0 og r\u00e6tt hva\u00f0a mats\u00fe\u00e1ttum m\u00e1 b\u00e6ta vi\u00f0 og hva\u00f0a mats\u00fe\u00e1ttum var ofauki\u00f0. H\u00e6gt er <span class=\"readmore\"><a href=\"https:\/\/skolapulsinn.is\/um\/?p=2246\">Lesa meira<\/a><\/span><\/p>\n","protected":false},"author":6,"featured_media":0,"comment_status":"closed","ping_status":"open","sticky":false,"template":"","format":"standard","meta":{"footnotes":""},"categories":[3],"tags":[],"class_list":["post-2246","post","type-post","status-publish","format-standard","hentry","category-announcements"],"_links":{"self":[{"href":"https:\/\/skolapulsinn.is\/um\/index.php?rest_route=\/wp\/v2\/posts\/2246","targetHints":{"allow":["GET"]}}],"collection":[{"href":"https:\/\/skolapulsinn.is\/um\/index.php?rest_route=\/wp\/v2\/posts"}],"about":[{"href":"https:\/\/skolapulsinn.is\/um\/index.php?rest_route=\/wp\/v2\/types\/post"}],"author":[{"embeddable":true,"href":"https:\/\/skolapulsinn.is\/um\/index.php?rest_route=\/wp\/v2\/users\/6"}],"replies":[{"embeddable":true,"href":"https:\/\/skolapulsinn.is\/um\/index.php?rest_route=%2Fwp%2Fv2%2Fcomments&post=2246"}],"version-history":[{"count":3,"href":"https:\/\/skolapulsinn.is\/um\/index.php?rest_route=\/wp\/v2\/posts\/2246\/revisions"}],"predecessor-version":[{"id":2250,"href":"https:\/\/skolapulsinn.is\/um\/index.php?rest_route=\/wp\/v2\/posts\/2246\/revisions\/2250"}],"wp:attachment":[{"href":"https:\/\/skolapulsinn.is\/um\/index.php?rest_route=%2Fwp%2Fv2%2Fmedia&parent=2246"}],"wp:term":[{"taxonomy":"category","embeddable":true,"href":"https:\/\/skolapulsinn.is\/um\/index.php?rest_route=%2Fwp%2Fv2%2Fcategories&post=2246"},{"taxonomy":"post_tag","embeddable":true,"href":"https:\/\/skolapulsinn.is\/um\/index.php?rest_route=%2Fwp%2Fv2%2Ftags&post=2246"}],"curies":[{"name":"wp","href":"https:\/\/api.w.org\/{rel}","templated":true}]}}