{"id":2748,"date":"2019-06-24T15:11:26","date_gmt":"2019-06-24T15:11:26","guid":{"rendered":"https:\/\/skolapulsinn.is\/um\/?p=2748"},"modified":"2025-07-28T18:05:11","modified_gmt":"2025-07-28T18:05:11","slug":"samantekt-fra-vorfundi-2019","status":"publish","type":"post","link":"https:\/\/skolapulsinn.is\/um\/?p=2748","title":{"rendered":"Samantekt fr\u00e1 vorfundi 2019"},"content":{"rendered":"<p>\u00c1 n\u00fdafst\u00f6\u00f0num vorfundi var innihald og framkv\u00e6md \u00e1 \u00f6llum k\u00f6nnunum Sk\u00f3lap\u00falsins tekin til umr\u00e6\u00f0u. Gagnlegar \u00e1bendingar komu fram \u00e1 fundinum sem hafa \u00feegar veri\u00f0 teknar til framkv\u00e6mda s.s. s\u00e9rd\u00e1lkur \u00e1 yfirlitss\u00ed\u00f0u sem s\u00fdnir breytingu fr\u00e1 s\u00ed\u00f0asta \u00fe\u00e1ttt\u00f6ku\u00e1ri. \u00c1 n\u00e6sta sk\u00f3la\u00e1ri koma einnig til framkv\u00e6mda nokkrar breytingar sem rekja m\u00e1 til umr\u00e6\u00f0u sem fram f\u00f3r \u00e1 fundinum:<\/p>\n<ol>\n<li>Allur munur ver\u00f0ur litak\u00f3\u00f0a\u00f0ur. Gr\u00e6nn munur mun t\u00e1kna hagst\u00e6\u00f0a breytingu og rau\u00f0ur litur mun t\u00e1kna \u00f3hagst\u00e6\u00f0a breytingu burts\u00e9\u00f0 fr\u00e1 \u00fev\u00ed hvort munurinn er l\u00edtill e\u00f0a mikill. T\u00f6lfr\u00e6\u00f0ilega mark\u00e6kur munur mun \u00e1fram ver\u00f0a feitletra\u00f0ur og stj\u00f6rnumerktur.<\/li>\n<li>Almenni hluti starfsmannakannana \u00ed leik- og grunnsk\u00f3lum ver\u00f0ur samr\u00e6mdur vi\u00f0 n\u00fdja almenna starfsmannak\u00f6nnun sem vi\u00f0 k\u00f6llum Starfsmannap\u00falsinn (sj\u00e1 n\u00e1nar h\u00e9r:\u00a0<a href=\"http:\/\/visar.is\/?page_id=160\">http:\/\/visar.is\/?page_id=160<\/a>). Kennarahluti hvorrar k\u00f6nnunar fyrir sig helst \u00fe\u00f3 \u00f3breyttur. Fj\u00f6ldi spurninga mun haldast n\u00e1nast \u00f3breyttur \u00fe\u00f3 mats\u00fe\u00e1ttum fj\u00f6lgi.<\/li>\n<li>Vinna hefst vi\u00f0 a\u00f0 endursko\u00f0a kvar\u00f0a sem nota\u00f0ir eru \u00ed nemendak\u00f6nnun 6. &#8211; 10. bekkjar. S\u00fa vinna mun byggjast \u00e1 b\u00f3kinni Beyond Test Scores e. Jack Schneider (sj\u00e1 n\u00e1nar h\u00e9r:\u00a0<a href=\"https:\/\/skolapulsinn.is\/um\/?p=2653\">https:\/\/skolapulsinn.is\/um\/?p=2653<\/a>). \u00cd fyrstu munum vi\u00f0 einbeita okkur a\u00f0 m\u00e6lit\u00e6kjum sem sn\u00faa a\u00f0 n\u00e1ms- og kennslua\u00f0fer\u00f0um. Vi\u00f0 h\u00f6fum \u00fev\u00ed \u00e1kve\u00f0a a\u00f0\u00a0 forpr\u00f3fa kvar\u00f0a um t\u00ed\u00f0ni lei\u00f0sagnarmats (endurgj\u00f6f til nemenda) sem nota\u00f0ur var \u00ed spurningalista PISA 2012 og nota\u00f0ur hefur veri\u00f0 me\u00f0 framhaldsk\u00f3lanemum me\u00f0 g\u00f3\u00f0um \u00e1rangri \u00e1 undanf\u00f6rnum \u00e1rum. Til a\u00f0 for\u00f0ast lengingu \u00e1 spurningalista 6. &#8211; 10. bekkjar var \u00e1kve\u00f0i\u00f0 a\u00f0 fella \u00fat spurningar sem sn\u00faa a\u00f0 mikilv\u00e6gi heimavinnu \u00ed n\u00e1minu.<\/li>\n<li>\u00cd f\u00e1mennum sk\u00f3lum ver\u00f0a uppl\u00fdsingar um \u00e1rganga felldar saman svo m\u00f6gulegt s\u00e9 a\u00f0 brj\u00f3ta ni\u00f0urst\u00f6\u00f0ur\u00a0ni\u00f0ur eftir \u00e1rg\u00f6gnum \u00fe\u00f3 a\u00f0 f\u00e1ir nemendur\/b\u00f6rn s\u00e9u \u00ed einst\u00f6kum \u00e1rg\u00f6ngum.<\/li>\n<li>Vakin ver\u00f0ur athygli \u00e1 hj\u00e1lpars\u00edma Rau\u00f0a krossins 1717 og netspjallsins 1717.is vi\u00f0 lok nemendak\u00f6nnunar 6. &#8211; 10. bekkjar og nemendak\u00f6nnunar framhaldssk\u00f3lanema.<\/li>\n<\/ol>\n<p>\u00ddmsar sm\u00e1v\u00e6gilegar or\u00f0alagsbreytingar \u00e1 spurningum og fyrirm\u00e6lum munu einnig koma til framkv\u00e6mda eftir \u00e1bendingar sem komu fram \u00e1 fundinum. Ef spurningar vakna um einstakar breytingar ekki hika vi\u00f0 a\u00f0 hafa samband me\u00f0 \u00fev\u00ed a\u00f0 senda t\u00f6lvup\u00f3st \u00e1 skolapulsinn@skolapulsinn.is e\u00f0a hringja \u00ed s\u00edma 5830700.<\/p>\n<p>&nbsp;<\/p>\n","protected":false},"excerpt":{"rendered":"<p>\u00c1 n\u00fdafst\u00f6\u00f0num vorfundi var innihald og framkv\u00e6md \u00e1 \u00f6llum k\u00f6nnunum Sk\u00f3lap\u00falsins tekin til umr\u00e6\u00f0u. Gagnlegar \u00e1bendingar komu fram \u00e1 fundinum sem hafa \u00feegar veri\u00f0 teknar til framkv\u00e6mda s.s. s\u00e9rd\u00e1lkur \u00e1 yfirlitss\u00ed\u00f0u sem s\u00fdnir breytingu fr\u00e1 s\u00ed\u00f0asta \u00fe\u00e1ttt\u00f6ku\u00e1ri. \u00c1 n\u00e6sta sk\u00f3la\u00e1ri <span class=\"readmore\"><a href=\"https:\/\/skolapulsinn.is\/um\/?p=2748\">Lesa meira<\/a><\/span><\/p>\n","protected":false},"author":2,"featured_media":0,"comment_status":"closed","ping_status":"open","sticky":false,"template":"","format":"standard","meta":{"footnotes":""},"categories":[3],"tags":[],"class_list":["post-2748","post","type-post","status-publish","format-standard","hentry","category-announcements"],"_links":{"self":[{"href":"https:\/\/skolapulsinn.is\/um\/index.php?rest_route=\/wp\/v2\/posts\/2748","targetHints":{"allow":["GET"]}}],"collection":[{"href":"https:\/\/skolapulsinn.is\/um\/index.php?rest_route=\/wp\/v2\/posts"}],"about":[{"href":"https:\/\/skolapulsinn.is\/um\/index.php?rest_route=\/wp\/v2\/types\/post"}],"author":[{"embeddable":true,"href":"https:\/\/skolapulsinn.is\/um\/index.php?rest_route=\/wp\/v2\/users\/2"}],"replies":[{"embeddable":true,"href":"https:\/\/skolapulsinn.is\/um\/index.php?rest_route=%2Fwp%2Fv2%2Fcomments&post=2748"}],"version-history":[{"count":6,"href":"https:\/\/skolapulsinn.is\/um\/index.php?rest_route=\/wp\/v2\/posts\/2748\/revisions"}],"predecessor-version":[{"id":2754,"href":"https:\/\/skolapulsinn.is\/um\/index.php?rest_route=\/wp\/v2\/posts\/2748\/revisions\/2754"}],"wp:attachment":[{"href":"https:\/\/skolapulsinn.is\/um\/index.php?rest_route=%2Fwp%2Fv2%2Fmedia&parent=2748"}],"wp:term":[{"taxonomy":"category","embeddable":true,"href":"https:\/\/skolapulsinn.is\/um\/index.php?rest_route=%2Fwp%2Fv2%2Fcategories&post=2748"},{"taxonomy":"post_tag","embeddable":true,"href":"https:\/\/skolapulsinn.is\/um\/index.php?rest_route=%2Fwp%2Fv2%2Ftags&post=2748"}],"curies":[{"name":"wp","href":"https:\/\/api.w.org\/{rel}","templated":true}]}}