{"id":2965,"date":"2020-04-15T16:08:49","date_gmt":"2020-04-15T16:08:49","guid":{"rendered":"https:\/\/skolapulsinn.is\/um\/?p=2965"},"modified":"2025-07-28T18:05:11","modified_gmt":"2025-07-28T18:05:11","slug":"thid-segid-ef-maeling-skolans-a-tilteknum-thaetti-er-marktaekt-fyrir-ofan-eda-fyrir-nedan-nidurstodu-annarra-er-skola-er-mismunurinn-stjornumerktur-hja-okkur-er-mikid-um-einhver-fra","status":"publish","type":"post","link":"https:\/\/skolapulsinn.is\/um\/?p=2965","title":{"rendered":"\u00dei\u00f0 segi\u00f0 \u201eEf m\u00e6ling sk\u00f3lans \u00e1 tilteknum \u00fe\u00e6tti er markt\u00e6kt fyrir ofan e\u00f0a fyrir ne\u00f0an ni\u00f0urst\u00f6\u00f0u annarra er sk\u00f3la er mismunurinn stj\u00f6rnumerktur\u201c. Hj\u00e1 okkur er miki\u00f0 um einhver fr\u00e1vik en t\u00f6lurnar eru gr\u00e6nar e\u00f0a rau\u00f0ar, hva\u00f0a merkingu hefur \u00fea\u00f0?"},"content":{"rendered":"\n<p>\u00dear sem ekki er um \u00fartaksk\u00f6nnun a\u00f0 r\u00e6\u00f0a er \u00ed raun allur munur t\u00f6lfr\u00e6\u00f0ilega markt\u00e6kur. Marktektarpr\u00f3fin eru \u00fe\u00f3 engu a\u00f0 s\u00ed\u00f0ur h\u00f6f\u00f0 me\u00f0 \u00fear sem \u00feau draga oft fram mun sem er st\u00e6rri og \u00fev\u00ed \u00e1hugaver\u00f0ur. Ef talan er rau\u00f0 \u00fe\u00e1 er breytingin fr\u00e1 s\u00ed\u00f0ustu m\u00e6lingu e\u00f0a mismunurinn fr\u00e1 landsme\u00f0altali yfirstandandi \u00e1rs \u00f3hagsst\u00e6\u00f0ur. Ef talan er gr\u00e6n er um hagst\u00e6\u00f0an mun a\u00f0 r\u00e6\u00f0a. H\u00e6gt er a\u00f0 t\u00falka allan mun sem settur er fram \u00e1 sta\u00f0aln\u00edukvar\u00f0anum (1-9) \u00e1 sama h\u00e1tt. Munur upp\u00e1 0,5 stig er l\u00edtill munur munur upp\u00e1 1 stig er t\u00f6luver\u00f0ur munur og munur upp\u00e1 1,5 stig e\u00f0a meira er mikill munur. <br><\/p>\n","protected":false},"excerpt":{"rendered":"<p>\u00dear sem ekki er um \u00fartaksk\u00f6nnun a\u00f0 r\u00e6\u00f0a er \u00ed raun allur munur t\u00f6lfr\u00e6\u00f0ilega markt\u00e6kur. Marktektarpr\u00f3fin eru \u00fe\u00f3 engu a\u00f0 s\u00ed\u00f0ur h\u00f6f\u00f0 me\u00f0 \u00fear sem \u00feau draga oft fram mun sem er st\u00e6rri og \u00fev\u00ed \u00e1hugaver\u00f0ur. Ef talan er rau\u00f0 <span class=\"readmore\"><a href=\"https:\/\/skolapulsinn.is\/um\/?p=2965\">Lesa meira<\/a><\/span><\/p>\n","protected":false},"author":2,"featured_media":0,"comment_status":"closed","ping_status":"open","sticky":false,"template":"","format":"standard","meta":{"footnotes":""},"categories":[48,46],"tags":[],"class_list":["post-2965","post","type-post","status-publish","format-standard","hentry","category-foreldra-ogstarfsmannakannanir","category-spurtogsvarad"],"_links":{"self":[{"href":"https:\/\/skolapulsinn.is\/um\/index.php?rest_route=\/wp\/v2\/posts\/2965","targetHints":{"allow":["GET"]}}],"collection":[{"href":"https:\/\/skolapulsinn.is\/um\/index.php?rest_route=\/wp\/v2\/posts"}],"about":[{"href":"https:\/\/skolapulsinn.is\/um\/index.php?rest_route=\/wp\/v2\/types\/post"}],"author":[{"embeddable":true,"href":"https:\/\/skolapulsinn.is\/um\/index.php?rest_route=\/wp\/v2\/users\/2"}],"replies":[{"embeddable":true,"href":"https:\/\/skolapulsinn.is\/um\/index.php?rest_route=%2Fwp%2Fv2%2Fcomments&post=2965"}],"version-history":[{"count":2,"href":"https:\/\/skolapulsinn.is\/um\/index.php?rest_route=\/wp\/v2\/posts\/2965\/revisions"}],"predecessor-version":[{"id":2967,"href":"https:\/\/skolapulsinn.is\/um\/index.php?rest_route=\/wp\/v2\/posts\/2965\/revisions\/2967"}],"wp:attachment":[{"href":"https:\/\/skolapulsinn.is\/um\/index.php?rest_route=%2Fwp%2Fv2%2Fmedia&parent=2965"}],"wp:term":[{"taxonomy":"category","embeddable":true,"href":"https:\/\/skolapulsinn.is\/um\/index.php?rest_route=%2Fwp%2Fv2%2Fcategories&post=2965"},{"taxonomy":"post_tag","embeddable":true,"href":"https:\/\/skolapulsinn.is\/um\/index.php?rest_route=%2Fwp%2Fv2%2Ftags&post=2965"}],"curies":[{"name":"wp","href":"https:\/\/api.w.org\/{rel}","templated":true}]}}