{"id":3375,"date":"2021-10-15T08:55:12","date_gmt":"2021-10-15T08:55:12","guid":{"rendered":"https:\/\/skolapulsinn.is\/um\/?p=3375"},"modified":"2025-07-28T18:05:11","modified_gmt":"2025-07-28T18:05:11","slug":"hvad-haegt-er-ad-gera-thegat-nemandi-gleymir-ad-afrita-nyja-kodann-inn-a-konnunina-dettur-ut-og-tharf-ad-byrja-uppa-nytt-get-eg-fengid-nyjan-koda-fyrir-nemandann-og-hann-byrjad-alveg-upp-a-nytt","status":"publish","type":"post","link":"https:\/\/skolapulsinn.is\/um\/?p=3375","title":{"rendered":"Hva\u00f0 h\u00e6gt er a\u00f0 gera \u00feegar nemandi gleymir a\u00f0 afrita n\u00fdja k\u00f3\u00f0ann inn \u00e1 k\u00f6nnunina, dettur \u00fat og \u00fearf a\u00f0 byrja upp\u00e1 n\u00fdtt? Get \u00e9g fengi\u00f0 n\u00fdjan k\u00f3\u00f0a fyrir nemandann og hann byrja\u00f0 alveg upp \u00e1 n\u00fdtt?"},"content":{"rendered":"\n<p>J\u00e1, ef nemandinn hefur ekki sl\u00f6kkt \u00e1 vafranum er n\u00f3g fyrir hann a\u00f0 fara inn \u00e1 s\u00ed\u00f0u k\u00f6nnunarinnar <a rel=\"noreferrer noopener\" href=\"http:\/\/nemendur.skolapulsinn.is\/\" target=\"_blank\">nemendur.skolapulsinn.is<\/a> e\u00f0a skanna aftur inn QR k\u00f3\u00f0ann sem hann f\u00e9kk, \u00fe\u00e1 dettur hann inn \u00ed k\u00f6nnunina aftur \u00fear sem hann datt \u00fat. Ef nemandinn hefur hinsvegar sl\u00f6kkt \u00e1 vafranum ver\u00f0ur \u00fe\u00fa a\u00f0 skr\u00e1 \u00feig inn \u00e1 <a rel=\"noreferrer noopener\" href=\"http:\/\/skolapulsinn.is\/\" target=\"_blank\">skolapulsinn.is<\/a> og \u00f3ska eftir n\u00fdjum k\u00f3\u00f0a fyrir nemandann \u00fear. Ef nemandinn f\u00e6r n\u00fdjan k\u00f3\u00f0a er mikilv\u00e6gt a\u00f0 nemandinn svari ekki aftur \u00feeim spurningum sem hann kann a\u00f0 hafa n\u00e1\u00f0 a\u00f0 svara \u00ed fyrri tilraun \u00fev\u00ed annars ver\u00f0a \u00feau sv\u00f6r tv\u00edtalin \u00ed ni\u00f0urst\u00f6\u00f0unum. <\/p>\n","protected":false},"excerpt":{"rendered":"<p>J\u00e1, ef nemandinn hefur ekki sl\u00f6kkt \u00e1 vafranum er n\u00f3g fyrir hann a\u00f0 fara inn \u00e1 s\u00ed\u00f0u k\u00f6nnunarinnar nemendur.skolapulsinn.is e\u00f0a skanna aftur inn QR k\u00f3\u00f0ann sem hann f\u00e9kk, \u00fe\u00e1 dettur hann inn \u00ed k\u00f6nnunina aftur \u00fear sem hann datt \u00fat. <span class=\"readmore\"><a href=\"https:\/\/skolapulsinn.is\/um\/?p=3375\">Lesa meira<\/a><\/span><\/p>\n","protected":false},"author":2,"featured_media":0,"comment_status":"closed","ping_status":"open","sticky":false,"template":"","format":"standard","meta":{"footnotes":""},"categories":[47,1,49,46,3],"tags":[],"class_list":["post-3375","post","type-post","status-publish","format-standard","hentry","category-nemendakonnun_grunnskola","category-uncategorized","category-kerfid","category-spurtogsvarad","category-announcements"],"_links":{"self":[{"href":"https:\/\/skolapulsinn.is\/um\/index.php?rest_route=\/wp\/v2\/posts\/3375","targetHints":{"allow":["GET"]}}],"collection":[{"href":"https:\/\/skolapulsinn.is\/um\/index.php?rest_route=\/wp\/v2\/posts"}],"about":[{"href":"https:\/\/skolapulsinn.is\/um\/index.php?rest_route=\/wp\/v2\/types\/post"}],"author":[{"embeddable":true,"href":"https:\/\/skolapulsinn.is\/um\/index.php?rest_route=\/wp\/v2\/users\/2"}],"replies":[{"embeddable":true,"href":"https:\/\/skolapulsinn.is\/um\/index.php?rest_route=%2Fwp%2Fv2%2Fcomments&post=3375"}],"version-history":[{"count":2,"href":"https:\/\/skolapulsinn.is\/um\/index.php?rest_route=\/wp\/v2\/posts\/3375\/revisions"}],"predecessor-version":[{"id":3377,"href":"https:\/\/skolapulsinn.is\/um\/index.php?rest_route=\/wp\/v2\/posts\/3375\/revisions\/3377"}],"wp:attachment":[{"href":"https:\/\/skolapulsinn.is\/um\/index.php?rest_route=%2Fwp%2Fv2%2Fmedia&parent=3375"}],"wp:term":[{"taxonomy":"category","embeddable":true,"href":"https:\/\/skolapulsinn.is\/um\/index.php?rest_route=%2Fwp%2Fv2%2Fcategories&post=3375"},{"taxonomy":"post_tag","embeddable":true,"href":"https:\/\/skolapulsinn.is\/um\/index.php?rest_route=%2Fwp%2Fv2%2Ftags&post=3375"}],"curies":[{"name":"wp","href":"https:\/\/api.w.org\/{rel}","templated":true}]}}