{"id":3431,"date":"2022-05-17T08:51:35","date_gmt":"2022-05-17T08:51:35","guid":{"rendered":"https:\/\/skolapulsinn.is\/um\/?p=3431"},"modified":"2025-07-28T18:05:11","modified_gmt":"2025-07-28T18:05:11","slug":"vorfundur-skolapulsins-2022","status":"publish","type":"post","link":"https:\/\/skolapulsinn.is\/um\/?p=3431","title":{"rendered":"Vorfundur Sk\u00f3lap\u00falsins 2022 &#8211; Uppt\u00f6kur"},"content":{"rendered":"\n<p>Vorfundur Sk\u00f3lap\u00falsins 2022 f\u00f3r fram \u00feann 17. ma\u00ed. H\u00e6gt er a\u00f0 horfa \u00e1 uppt\u00f6kur af fundinum me\u00f0 \u00fev\u00ed a\u00f0 smella \u00e1 vi\u00f0komandi dagskr\u00e1rli\u00f0 h\u00e9r a\u00f0 ne\u00f0an. Me\u00f0al \u00e1kvar\u00f0ana sem teknar voru var a\u00f0 f\u00e6ra k\u00f6nnun yngri nemenda \u00ed grunnsk\u00f3lum yfir \u00ed okt\u00f3ber og sleppa 1. bekkingum \u00ed \u00feeirri k\u00f6nnun. \u00deetta er gert til a\u00f0 h\u00e6gt s\u00e9 a\u00f0 breg\u00f0ast vi\u00f0 ni\u00f0urst\u00f6\u00f0um strax \u00ed upphafi sk\u00f3la\u00e1rs og til a\u00f0 m\u00e6ta b\u00e1gum \u00e1rei\u00f0anleika \u00ed sv\u00f6rum 1. bekkinga sem rekja m\u00e1 til ungs aldurs.  Jafnframt var \u00e1kve\u00f0i\u00f0 a\u00f0 \u00fe\u00fd\u00f0a b\u00e1\u00f0ar nemendakannanir grunnsk\u00f3lans yfir \u00e1 \u00fakra\u00ednsku. Margir sm\u00e6rri breytingar voru einnig r\u00e6ddar og undirb\u00fanar. M\u00e6ting \u00e1 vorfundinn var mj\u00f6g g\u00f3\u00f0 og \u00fe\u00f6kkum vi\u00f0 fundargestum innilega fyrir a\u00f0 hafa gefi\u00f0 s\u00e9r t\u00edma til a\u00f0 deila reynslu sinni af notkun uppl\u00fdsingakerfanna. <\/p>\n\n\n\n<p>Dagskr\u00e1:<\/p>\n\n\n\n<p>09.00-10.30 Leiksk\u00f3li: Foreldra- og starfsmannak\u00f6nnun \u00e1samt kynningu \u00e1 ni\u00f0urst\u00f6\u00f0um \u00e1 forpr\u00f3fun \u00e1 fyrirhuga\u00f0ri k\u00f6nnun fyrir b\u00f6rn (upptaka v\u00e6ntanleg).<br> <a href=\"https:\/\/www.dropbox.com\/s\/ysjew5zc75dcfnu\/grunnskolar22.mp4?dl=0\">10.45-12.15 Grunnsk\u00f3li: Nemenda-, foreldra- og starfsmannakannanir<\/a><br><a href=\"https:\/\/www.dropbox.com\/s\/h6ep2ailyfkwkh5\/skolavogin22.mp4?dl=0\"> 13.30-15.00 Sveitarf\u00e9l\u00f6g: Sk\u00f3lavogin og Starfsmannap\u00falsinn<\/a><br><a href=\"https:\/\/www.dropbox.com\/s\/egcxq6krl9i9cjm\/framhaldsskoli22.mp4?dl=0\"> 15.30-17.00 Framhaldssk\u00f3li: Nemendak\u00f6nnun og Starfsmannap\u00falsinn<\/a><\/p>\n\n\n\n<p><\/p>\n","protected":false},"excerpt":{"rendered":"<p>Vorfundur Sk\u00f3lap\u00falsins 2022 f\u00f3r fram \u00feann 17. ma\u00ed. H\u00e6gt er a\u00f0 horfa \u00e1 uppt\u00f6kur af fundinum me\u00f0 \u00fev\u00ed a\u00f0 smella \u00e1 vi\u00f0komandi dagskr\u00e1rli\u00f0 h\u00e9r a\u00f0 ne\u00f0an. Me\u00f0al \u00e1kvar\u00f0ana sem teknar voru var a\u00f0 f\u00e6ra k\u00f6nnun yngri nemenda \u00ed grunnsk\u00f3lum yfir <span class=\"readmore\"><a href=\"https:\/\/skolapulsinn.is\/um\/?p=3431\">Lesa meira<\/a><\/span><\/p>\n","protected":false},"author":2,"featured_media":0,"comment_status":"closed","ping_status":"open","sticky":false,"template":"","format":"standard","meta":{"footnotes":""},"categories":[1,3],"tags":[],"class_list":["post-3431","post","type-post","status-publish","format-standard","hentry","category-uncategorized","category-announcements"],"_links":{"self":[{"href":"https:\/\/skolapulsinn.is\/um\/index.php?rest_route=\/wp\/v2\/posts\/3431","targetHints":{"allow":["GET"]}}],"collection":[{"href":"https:\/\/skolapulsinn.is\/um\/index.php?rest_route=\/wp\/v2\/posts"}],"about":[{"href":"https:\/\/skolapulsinn.is\/um\/index.php?rest_route=\/wp\/v2\/types\/post"}],"author":[{"embeddable":true,"href":"https:\/\/skolapulsinn.is\/um\/index.php?rest_route=\/wp\/v2\/users\/2"}],"replies":[{"embeddable":true,"href":"https:\/\/skolapulsinn.is\/um\/index.php?rest_route=%2Fwp%2Fv2%2Fcomments&post=3431"}],"version-history":[{"count":9,"href":"https:\/\/skolapulsinn.is\/um\/index.php?rest_route=\/wp\/v2\/posts\/3431\/revisions"}],"predecessor-version":[{"id":3568,"href":"https:\/\/skolapulsinn.is\/um\/index.php?rest_route=\/wp\/v2\/posts\/3431\/revisions\/3568"}],"wp:attachment":[{"href":"https:\/\/skolapulsinn.is\/um\/index.php?rest_route=%2Fwp%2Fv2%2Fmedia&parent=3431"}],"wp:term":[{"taxonomy":"category","embeddable":true,"href":"https:\/\/skolapulsinn.is\/um\/index.php?rest_route=%2Fwp%2Fv2%2Fcategories&post=3431"},{"taxonomy":"post_tag","embeddable":true,"href":"https:\/\/skolapulsinn.is\/um\/index.php?rest_route=%2Fwp%2Fv2%2Ftags&post=3431"}],"curies":[{"name":"wp","href":"https:\/\/api.w.org\/{rel}","templated":true}]}}