{"id":3555,"date":"2023-05-25T13:20:02","date_gmt":"2023-05-25T13:20:02","guid":{"rendered":"https:\/\/skolapulsinn.is\/um\/?p=3555"},"modified":"2025-07-28T18:05:11","modified_gmt":"2025-07-28T18:05:11","slug":"vorfundur-2023-upptokur","status":"publish","type":"post","link":"https:\/\/skolapulsinn.is\/um\/?p=3555","title":{"rendered":"Vorfundur 2023 &#8211; Uppt\u00f6kur og stutt samantekt"},"content":{"rendered":"\n<p>Vorfundur Sk\u00f3lap\u00falsins 2023 f\u00f3r fram \u00feann 25. ma\u00ed. H\u00e6gt er a\u00f0 horfa \u00e1 uppt\u00f6kur af fundinum me\u00f0 \u00fev\u00ed a\u00f0 smella \u00e1 vi\u00f0komandi dagskr\u00e1rli\u00f0 h\u00e9r a\u00f0 ne\u00f0an. Me\u00f0al \u00e1kvar\u00f0ana sem teknar voru var a\u00f0 b\u00e6ta sp\u00e6nsku vi\u00f0 sem tungum\u00e1li \u00ed b\u00e1\u00f0um nemendak\u00f6nnunum. Enn fremur ver\u00f0ur nemendak\u00f6nnun 6. \u2013 10. bekkjar breytt \u00feannig a\u00f0 spurningar mi\u00f0ast vi\u00f0 kyn \u00feess sem svarar (hann\/h\u00fan\/h\u00e1n). Foreldrak\u00f6nnun leiksk\u00f3la ver\u00f0ur breytt me\u00f0 sama h\u00e6tti \u00feannig a\u00f0 spurningar s\u00e9u kynlausar. Ef vel tekst til ver\u00f0a a\u00f0rar kannanir teknar til s\u00f6mu endursko\u00f0unar \u00ed kj\u00f6lfari\u00f0. <\/p>\n\n\n\n<p>Mats\u00fe\u00e6ttir um matar\u00e6\u00f0i og hreyfingu utan sk\u00f3lat\u00edma \u00ed\nnemendak\u00f6nnun 6. \u2013 10. bekkjar ver\u00f0a fjarl\u00e6g\u00f0ir \u00fear sem sl\u00edkt er n\u00fa \u00feegar m\u00e6lt\n\u00ed \u00cdslensku \u00e6skul\u00fd\u00f0sranns\u00f3kninni og \u00e1 betur heima \u00fear. \u00cd sta\u00f0inn koma \u00ferj\u00e1r\nspurningar um matar\u00e1skrift \u00ed sk\u00f3lanum.<\/p>\n\n\n\n<p>\u00cd foreldrak\u00f6nnun grunnsk\u00f3la ver\u00f0a tv\u00e6r fj\u00f6lvalsspurningar um\nhva\u00f0 foreldrar\/forsj\u00e1ra\u00f0ilar annars vegar hafa \u00e1hrif \u00e1, og hins vegar vilja\nhafa \u00e1hrif \u00e1, \u00ed kennslustofunni (samtals 18 atri\u00f0i) fjarl\u00e6g\u00f0ar. Mats\u00fe\u00e1ttur um\n\u00fe\u00e1ttt\u00f6ku \u00e1n a\u00f0greiningar \u00ed foreldrak\u00f6nnun leiksk\u00f3la ver\u00f0ur endursko\u00f0a\u00f0ur og\nspurningum um jafnr\u00e9tti ver\u00f0ur b\u00e6tt vi\u00f0 nemendak\u00f6nnun framhaldssk\u00f3la. <\/p>\n\n\n\n<p>Fleiri sm\u00e6rri breytingar voru einnig r\u00e6ddar og undirb\u00fanar. M\u00e6ting \u00e1 vorfundinn var g\u00f3\u00f0 og \u00fe\u00f6kkum vi\u00f0 fundargestum innilega fyrir a\u00f0 hafa gefi\u00f0 s\u00e9r t\u00edma til a\u00f0 deila reynslu sinni af notkun uppl\u00fdsingakerfanna.<\/p>\n\n\n\n<p>Hlekkir \u00e1 uppt\u00f6kur:<\/p>\n\n\n\n<p>09.00-10.30 <a href=\"https:\/\/www.dropbox.com\/s\/u248svgs2jkdlmr\/skolavogin.mp4?dl=0\">Sveitarf\u00e9l\u00f6g: Sk\u00f3lavogin og Starfsmannap\u00falsinn.<\/a><br>10.45-12.15 <a href=\"https:\/\/www.dropbox.com\/s\/avyuk5vhgr76zmz\/framhaldsskolapulsinn.mp4?dl=0\">Framhaldssk\u00f3li: Nemendak\u00f6nnun og Starfsmannap\u00falsinn.<\/a><br>13.30-15.00 <a href=\"https:\/\/www.dropbox.com\/s\/7afv1evlf5xakb0\/grunnskolar.mp4?dl=0\">Grunnsk\u00f3li: Nemenda-, foreldra- og starfsmannakannanir.<\/a><br>15.30-17.00 <a href=\"https:\/\/www.dropbox.com\/s\/eslmg6n86k8ckd3\/leikskolar.mp4?dl=0\">Leiksk\u00f3li: Nemenda-, foreldra- og starfsmannakannanir.<\/a><\/p>\n\n\n\n<p><\/p>\n\n\n\n<p><\/p>\n\n\n<p><!--EndFragment--><\/p>\n<p><\/p>","protected":false},"excerpt":{"rendered":"<p>Vorfundur Sk\u00f3lap\u00falsins 2023 f\u00f3r fram \u00feann 25. ma\u00ed. H\u00e6gt er a\u00f0 horfa \u00e1 uppt\u00f6kur af fundinum me\u00f0 \u00fev\u00ed a\u00f0 smella \u00e1 vi\u00f0komandi dagskr\u00e1rli\u00f0 h\u00e9r a\u00f0 ne\u00f0an. Me\u00f0al \u00e1kvar\u00f0ana sem teknar voru var a\u00f0 b\u00e6ta sp\u00e6nsku vi\u00f0 sem tungum\u00e1li \u00ed b\u00e1\u00f0um <span class=\"readmore\"><a href=\"https:\/\/skolapulsinn.is\/um\/?p=3555\">Lesa meira<\/a><\/span><\/p>\n","protected":false},"author":2,"featured_media":0,"comment_status":"closed","ping_status":"open","sticky":false,"template":"","format":"standard","meta":{"footnotes":""},"categories":[3],"tags":[],"class_list":["post-3555","post","type-post","status-publish","format-standard","hentry","category-announcements"],"_links":{"self":[{"href":"https:\/\/skolapulsinn.is\/um\/index.php?rest_route=\/wp\/v2\/posts\/3555","targetHints":{"allow":["GET"]}}],"collection":[{"href":"https:\/\/skolapulsinn.is\/um\/index.php?rest_route=\/wp\/v2\/posts"}],"about":[{"href":"https:\/\/skolapulsinn.is\/um\/index.php?rest_route=\/wp\/v2\/types\/post"}],"author":[{"embeddable":true,"href":"https:\/\/skolapulsinn.is\/um\/index.php?rest_route=\/wp\/v2\/users\/2"}],"replies":[{"embeddable":true,"href":"https:\/\/skolapulsinn.is\/um\/index.php?rest_route=%2Fwp%2Fv2%2Fcomments&post=3555"}],"version-history":[{"count":12,"href":"https:\/\/skolapulsinn.is\/um\/index.php?rest_route=\/wp\/v2\/posts\/3555\/revisions"}],"predecessor-version":[{"id":3572,"href":"https:\/\/skolapulsinn.is\/um\/index.php?rest_route=\/wp\/v2\/posts\/3555\/revisions\/3572"}],"wp:attachment":[{"href":"https:\/\/skolapulsinn.is\/um\/index.php?rest_route=%2Fwp%2Fv2%2Fmedia&parent=3555"}],"wp:term":[{"taxonomy":"category","embeddable":true,"href":"https:\/\/skolapulsinn.is\/um\/index.php?rest_route=%2Fwp%2Fv2%2Fcategories&post=3555"},{"taxonomy":"post_tag","embeddable":true,"href":"https:\/\/skolapulsinn.is\/um\/index.php?rest_route=%2Fwp%2Fv2%2Ftags&post=3555"}],"curies":[{"name":"wp","href":"https:\/\/api.w.org\/{rel}","templated":true}]}}