{"id":3860,"date":"2024-05-21T10:32:06","date_gmt":"2024-05-21T10:32:06","guid":{"rendered":"https:\/\/skolapulsinn.is\/um\/?p=3860"},"modified":"2025-07-28T18:05:11","modified_gmt":"2025-07-28T18:05:11","slug":"vorfundur-skolapulsins-2024","status":"publish","type":"post","link":"https:\/\/skolapulsinn.is\/um\/?p=3860","title":{"rendered":"Vorfundur Sk\u00f3lap\u00falsins 2024"},"content":{"rendered":"\n<p>Sk\u00f3lap\u00falsinn b\u00fd\u00f0ur til vorfundar fimmtudaginn 23. ma\u00ed n\u00e6stkomandi. Fundurinn ver\u00f0ur haldinn \u00e1 Zoom.<\/p>\n\n\n\n<p>Efni fundarins er innihald kannana, ni\u00f0urst\u00f6\u00f0ur og framkv\u00e6md \u00e1 \u00f6llum sk\u00f3lastigum. Fari\u00f0 er yfir helstu ni\u00f0urst\u00f6\u00f0ur, t\u00falkun \u00feeirra \u00fatsk\u00fdr\u00f0 og r\u00e6tt hva\u00f0a mats\u00fe\u00e1ttum m\u00e1 b\u00e6ta vi\u00f0 og hva\u00f0a mats\u00fe\u00e1ttum er ofauki\u00f0.<\/p>\n\n\n\n<p>Dagskr\u00e1:<\/p>\n\n\n\n<p>09.00-10.30 Sveitarf\u00e9l\u00f6g: Sk\u00f3lavogin og Starfsmannap\u00falsinn.<br>10.45-12.15 Framhaldssk\u00f3li: Nemendak\u00f6nnun og Starfsmannap\u00falsinn.<br>13.30-15.00 Grunnsk\u00f3li: Nemenda-, foreldra- og starfsmannakannanir.<br>15.30-17.00 Leiksk\u00f3li: Nemenda-, foreldra- og starfsmannakannanir.<\/p>\n\n\n\n<p>\u00deeir sem ekki eiga heimangengt \u00e1 fundinn eru hvattir til a\u00f0 koma sko\u00f0unum s\u00ednum \u00e1 framf\u00e6ri me\u00f0 \u00fev\u00ed a\u00f0 senda okkur t\u00f6lvup\u00f3st \u00e1&nbsp;<a href=\"mailto:skolapulsinn@skolapulsinn.is\" target=\"_blank\" rel=\"noreferrer noopener\">skolapulsinn@skolapulsinn.is<\/a>.<\/p>\n\n\n\n<p>Upptaka af fundinum ver\u00f0ur ger\u00f0 a\u00f0gengileg \u00e1 vef Sk\u00f3lap\u00falsins a\u00f0 fundi loknum.<\/p>\n\n\n\n<p>Fundurinn er \u00e6tla\u00f0ur sk\u00f3lastj\u00f3rnendum og tengili\u00f0um Sk\u00f3lap\u00falsins\/Sk\u00f3lavogarinnar\/Starfsmannap\u00falsins. Vinsamlegast tilkynni\u00f0 um \u00fe\u00e1ttt\u00f6ku me\u00f0 \u00fev\u00ed a\u00f0 senda t\u00f6lvup\u00f3st \u00e1&nbsp;<a rel=\"noreferrer noopener\" href=\"mailto:skolapulsinn@skolapulsinn.is\" target=\"_blank\">skolapulsinn@skolapulsinn.is<\/a> fyrir 23. ma\u00ed n\u00e6stkomandi.<\/p>\n\n\n\n<p>Bestu kve\u00f0jur,<br>starfsf\u00f3lk Sk\u00f3lap\u00falsins<\/p>\n","protected":false},"excerpt":{"rendered":"<p>Sk\u00f3lap\u00falsinn b\u00fd\u00f0ur til vorfundar fimmtudaginn 23. ma\u00ed n\u00e6stkomandi. Fundurinn ver\u00f0ur haldinn \u00e1 Zoom. Efni fundarins er innihald kannana, ni\u00f0urst\u00f6\u00f0ur og framkv\u00e6md \u00e1 \u00f6llum sk\u00f3lastigum. Fari\u00f0 er yfir helstu ni\u00f0urst\u00f6\u00f0ur, t\u00falkun \u00feeirra \u00fatsk\u00fdr\u00f0 og r\u00e6tt hva\u00f0a mats\u00fe\u00e1ttum m\u00e1 b\u00e6ta vi\u00f0 og <span class=\"readmore\"><a href=\"https:\/\/skolapulsinn.is\/um\/?p=3860\">Lesa meira<\/a><\/span><\/p>\n","protected":false},"author":7,"featured_media":0,"comment_status":"closed","ping_status":"open","sticky":false,"template":"","format":"standard","meta":{"footnotes":""},"categories":[1,3],"tags":[],"class_list":["post-3860","post","type-post","status-publish","format-standard","hentry","category-uncategorized","category-announcements"],"_links":{"self":[{"href":"https:\/\/skolapulsinn.is\/um\/index.php?rest_route=\/wp\/v2\/posts\/3860","targetHints":{"allow":["GET"]}}],"collection":[{"href":"https:\/\/skolapulsinn.is\/um\/index.php?rest_route=\/wp\/v2\/posts"}],"about":[{"href":"https:\/\/skolapulsinn.is\/um\/index.php?rest_route=\/wp\/v2\/types\/post"}],"author":[{"embeddable":true,"href":"https:\/\/skolapulsinn.is\/um\/index.php?rest_route=\/wp\/v2\/users\/7"}],"replies":[{"embeddable":true,"href":"https:\/\/skolapulsinn.is\/um\/index.php?rest_route=%2Fwp%2Fv2%2Fcomments&post=3860"}],"version-history":[{"count":2,"href":"https:\/\/skolapulsinn.is\/um\/index.php?rest_route=\/wp\/v2\/posts\/3860\/revisions"}],"predecessor-version":[{"id":3862,"href":"https:\/\/skolapulsinn.is\/um\/index.php?rest_route=\/wp\/v2\/posts\/3860\/revisions\/3862"}],"wp:attachment":[{"href":"https:\/\/skolapulsinn.is\/um\/index.php?rest_route=%2Fwp%2Fv2%2Fmedia&parent=3860"}],"wp:term":[{"taxonomy":"category","embeddable":true,"href":"https:\/\/skolapulsinn.is\/um\/index.php?rest_route=%2Fwp%2Fv2%2Fcategories&post=3860"},{"taxonomy":"post_tag","embeddable":true,"href":"https:\/\/skolapulsinn.is\/um\/index.php?rest_route=%2Fwp%2Fv2%2Ftags&post=3860"}],"curies":[{"name":"wp","href":"https:\/\/api.w.org\/{rel}","templated":true}]}}